{"id":4417,"date":"2015-12-16T13:21:03","date_gmt":"2015-12-16T12:21:03","guid":{"rendered":"http:\/\/www.campobaeza.com\/es\/house-in-gaucin\/"},"modified":"2021-04-05T09:53:38","modified_gmt":"2021-04-05T08:53:38","slug":"house-gaucin","status":"publish","type":"post","link":"https:\/\/www.campobaeza.com\/es\/house-gaucin\/","title":{"rendered":"2015 CASA EN GAUC\u00cdN, M\u00e1laga"},"content":{"rendered":"<p style=\"text-align: justify;\"><strong>FINIS CORONAT OPUS<\/strong><\/p>\n<p style=\"text-align: justify;\">Este Proyecto de Ejecuci\u00f3n es el resultado de un largo e intenso proceso de estudio. Da fe de ello la enorme cantidad de documentos producidos que se recogen en el correspondiente dossier.<\/p>\n<p style=\"text-align: justify;\">Se comienza a estudiar este proyecto en el verano de 2014. Los primeros croquis de la casa son del 7 de septiembre de 2014, y ya aparece en ellos el tema central del gran ventanal que enmarcar\u00e1 la impresionante vista a \u00c1frica, al pe\u00f1\u00f3n de Gibraltar y al mar Mediterr\u00e1neo. Desde entonces hemos realizado innumerables croquis.<\/p>\n<p style=\"text-align: justify;\">De la vista de \u00c1frica existe un estupendo grabado del pintor escoc\u00e9s David Roberts, de 1833, de su viaje a Espa\u00f1a, que parece que estuviera hecho desde nuestra casa. Y desde el mismo punto de vista, con los mismos elementos; \u00c1frica, Gibraltar y el Mediterr\u00e1neo, el pintor Genaro P\u00e9rez Villaamil pinta un espl\u00e9ndido cuadro en 1849, que se conserva hoy en el Museo del Prado.<\/p>\n<p style=\"text-align: justify;\">La impresionante vista se convierte en el tema principal del proyecto. Para poder precisar bien todo esto se han hecho m\u00e1s de 12 maquetas que luego fotografiadas y manipuladas convenientemente han servido para afinar al m\u00e1ximo todo ello. Las maquetas se han hecho a todas las escalas para controlar bien los temas de vistas y de luz y de asentamiento en el terreno que es muy inclinado.<\/p>\n<p style=\"text-align: justify;\">El espacio interior principal se concibe como un espacio vertical de 7 metros de altura y con una planta trapezoidal que recoge el giro que tiene que hacer la casa para enfocar la vista principal. En el techo se abre, centrado, un lucernario circular a trav\u00e9s del que pasar\u00e1 la luz del sol y que dar\u00e1 cuenta del movimiento del sol en paredes y suelo haciendo visible el paso del tiempo.<\/p>\n<p style=\"text-align: justify;\">La casa se une con el jard\u00edn a trav\u00e9s de las plataformas que se necesitan establecer dada la fuerte pendiente del terreno. Esas plataformas y las correspondientes verandas, con toldos y emparrados, se conectar\u00e1n con el jard\u00edn natural y frondoso que esperamos tener, cre\u00e1ndose itinerarios de gran inter\u00e9s.<\/p>\n<p style=\"text-align: justify;\">Para precisar m\u00e1s a\u00fan el espacio proyectado, en este mes de abril de 2015, se ha construido in situ, a escala real y en situaci\u00f3n real, una plataforma de madera para poder colocar con la m\u00e1xima precisi\u00f3n el gran ventanal del espacio principal que hemos construido con barras de madera. Se hicieron in situ correcciones que se mostraron de gran eficacia.<\/p>\n","protected":false},"excerpt":{"rendered":"<p>FINIS CORONAT OPUS Este Proyecto de Ejecuci\u00f3n es el resultado [&hellip;]<\/p>\n","protected":false},"author":10000089,"featured_media":0,"comment_status":"closed","ping_status":"closed","sticky":false,"template":"","format":"standard","meta":{"_acf_changed":false},"categories":[46],"tags":[],"class_list":["post-4417","post","type-post","status-publish","format-standard","hentry","category-sin-categorizar","tax_work_location-espana","tax_work_location-europa","tax_work_type-residencial"],"acf":[],"yoast_head":"<!-- This site is optimized with the Yoast SEO plugin v27.3 - https:\/\/yoast.com\/product\/yoast-seo-wordpress\/ -->\n<title>2015 CASA EN GAUC\u00cdN, M\u00e1laga, M\u00e1laga- Alberto Campo Baeza<\/title>\n<meta name=\"description\" content=\"El tema central de esta Casa en Gauc\u00edn es la gran ventana que enmarca la impresionante vista de \u00c1frica, el Pe\u00f1\u00f3n de Gibraltar y el Mediterr\u00e1neo. 2015\" \/>\n<meta name=\"robots\" content=\"index, follow, max-snippet:-1, max-image-preview:large, max-video-preview:-1\" \/>\n<link rel=\"canonical\" href=\"https:\/\/www.campobaeza.com\/es\/house-gaucin\/\" \/>\n<meta property=\"og:locale\" content=\"es_ES\" \/>\n<meta property=\"og:type\" content=\"article\" \/>\n<meta property=\"og:title\" content=\"2015 CASA EN GAUC\u00cdN, M\u00e1laga, M\u00e1laga- Alberto Campo Baeza\" \/>\n<meta property=\"og:description\" content=\"El tema central de esta Casa en Gauc\u00edn es la gran ventana que enmarca la impresionante vista de \u00c1frica, el Pe\u00f1\u00f3n de Gibraltar y el Mediterr\u00e1neo. 2015\" \/>\n<meta property=\"og:url\" content=\"https:\/\/www.campobaeza.com\/es\/house-gaucin\/\" \/>\n<meta property=\"og:site_name\" content=\"Alberto Campo Baeza\" \/>\n<meta property=\"article:published_time\" content=\"2015-12-16T12:21:03+00:00\" \/>\n<meta property=\"article:modified_time\" content=\"2021-04-05T08:53:38+00:00\" \/>\n<meta name=\"author\" content=\"estudio\" \/>\n<meta name=\"twitter:card\" content=\"summary_large_image\" \/>\n<meta name=\"twitter:creator\" content=\"@ACampoBaeza\" \/>\n<meta name=\"twitter:site\" content=\"@ACampoBaeza\" \/>\n<meta name=\"twitter:label1\" content=\"Escrito por\" \/>\n\t<meta name=\"twitter:data1\" content=\"estudio\" \/>\n\t<meta name=\"twitter:label2\" content=\"Tiempo de lectura\" \/>\n\t<meta name=\"twitter:data2\" content=\"2 minutos\" \/>\n<script type=\"application\/ld+json\" class=\"yoast-schema-graph\">{\"@context\":\"https:\\\/\\\/schema.org\",\"@graph\":[{\"@type\":\"WebPage\",\"@id\":\"https:\\\/\\\/www.campobaeza.com\\\/es\\\/house-gaucin\\\/\",\"url\":\"https:\\\/\\\/www.campobaeza.com\\\/es\\\/house-gaucin\\\/\",\"name\":\"2015 CASA EN GAUC\u00cdN, M\u00e1laga, M\u00e1laga- Alberto Campo Baeza\",\"isPartOf\":{\"@id\":\"https:\\\/\\\/www.campobaeza.com\\\/#website\"},\"datePublished\":\"2015-12-16T12:21:03+00:00\",\"dateModified\":\"2021-04-05T08:53:38+00:00\",\"description\":\"El tema central de esta Casa en Gauc\u00edn es la gran ventana que enmarca la impresionante vista de \u00c1frica, el Pe\u00f1\u00f3n de Gibraltar y el Mediterr\u00e1neo. 2015\",\"breadcrumb\":{\"@id\":\"https:\\\/\\\/www.campobaeza.com\\\/es\\\/house-gaucin\\\/#breadcrumb\"},\"inLanguage\":\"es\",\"potentialAction\":[{\"@type\":\"ReadAction\",\"target\":[\"https:\\\/\\\/www.campobaeza.com\\\/es\\\/house-gaucin\\\/\"]}]},{\"@type\":\"BreadcrumbList\",\"@id\":\"https:\\\/\\\/www.campobaeza.com\\\/es\\\/house-gaucin\\\/#breadcrumb\",\"itemListElement\":[{\"@type\":\"ListItem\",\"position\":1,\"name\":\"Portada\",\"item\":\"https:\\\/\\\/www.campobaeza.com\\\/es\\\/\"},{\"@type\":\"ListItem\",\"position\":2,\"name\":\"2015 CASA EN GAUC\u00cdN, M\u00e1laga\"}]},{\"@type\":\"WebSite\",\"@id\":\"https:\\\/\\\/www.campobaeza.com\\\/#website\",\"url\":\"https:\\\/\\\/www.campobaeza.com\\\/\",\"name\":\"Alberto Campo Baeza\",\"description\":\"Estudio de Arquitectura de Alberto Campo Baeza\",\"publisher\":{\"@id\":\"https:\\\/\\\/www.campobaeza.com\\\/#organization\"},\"potentialAction\":[{\"@type\":\"SearchAction\",\"target\":{\"@type\":\"EntryPoint\",\"urlTemplate\":\"https:\\\/\\\/www.campobaeza.com\\\/?s={search_term_string}\"},\"query-input\":{\"@type\":\"PropertyValueSpecification\",\"valueRequired\":true,\"valueName\":\"search_term_string\"}}],\"inLanguage\":\"es\"},{\"@type\":\"Organization\",\"@id\":\"https:\\\/\\\/www.campobaeza.com\\\/#organization\",\"name\":\"Estudio de Arquitectura Campo Baeza S. L. P.\",\"url\":\"https:\\\/\\\/www.campobaeza.com\\\/\",\"logo\":{\"@type\":\"ImageObject\",\"inLanguage\":\"es\",\"@id\":\"https:\\\/\\\/www.campobaeza.com\\\/#\\\/schema\\\/logo\\\/image\\\/\",\"url\":\"https:\\\/\\\/www.campobaeza.com\\\/wp-content\\\/uploads\\\/2017\\\/03\\\/Logo-Alberto-01.jpg\",\"contentUrl\":\"https:\\\/\\\/www.campobaeza.com\\\/wp-content\\\/uploads\\\/2017\\\/03\\\/Logo-Alberto-01.jpg\",\"width\":2362,\"height\":2362,\"caption\":\"Estudio de Arquitectura Campo Baeza S. L. P.\"},\"image\":{\"@id\":\"https:\\\/\\\/www.campobaeza.com\\\/#\\\/schema\\\/logo\\\/image\\\/\"},\"sameAs\":[\"https:\\\/\\\/x.com\\\/ACampoBaeza\",\"https:\\\/\\\/www.instagram.com\\\/acampobaeza\",\"https:\\\/\\\/www.youtube.com\\\/channel\\\/UC3y9inL5nDYCB44h2Lf1E6Q?view_as=subscriber\"]}]}<\/script>\n<!-- \/ Yoast SEO plugin. -->","yoast_head_json":{"title":"2015 CASA EN GAUC\u00cdN, M\u00e1laga, M\u00e1laga- Alberto Campo Baeza","description":"El tema central de esta Casa en Gauc\u00edn es la gran ventana que enmarca la impresionante vista de \u00c1frica, el Pe\u00f1\u00f3n de Gibraltar y el Mediterr\u00e1neo. 2015","robots":{"index":"index","follow":"follow","max-snippet":"max-snippet:-1","max-image-preview":"max-image-preview:large","max-video-preview":"max-video-preview:-1"},"canonical":"https:\/\/www.campobaeza.com\/es\/house-gaucin\/","og_locale":"es_ES","og_type":"article","og_title":"2015 CASA EN GAUC\u00cdN, M\u00e1laga, M\u00e1laga- Alberto Campo Baeza","og_description":"El tema central de esta Casa en Gauc\u00edn es la gran ventana que enmarca la impresionante vista de \u00c1frica, el Pe\u00f1\u00f3n de Gibraltar y el Mediterr\u00e1neo. 2015","og_url":"https:\/\/www.campobaeza.com\/es\/house-gaucin\/","og_site_name":"Alberto Campo Baeza","article_published_time":"2015-12-16T12:21:03+00:00","article_modified_time":"2021-04-05T08:53:38+00:00","author":"estudio","twitter_card":"summary_large_image","twitter_creator":"@ACampoBaeza","twitter_site":"@ACampoBaeza","twitter_misc":{"Escrito por":"estudio","Tiempo de lectura":"2 minutos"},"schema":{"@context":"https:\/\/schema.org","@graph":[{"@type":"WebPage","@id":"https:\/\/www.campobaeza.com\/es\/house-gaucin\/","url":"https:\/\/www.campobaeza.com\/es\/house-gaucin\/","name":"2015 CASA EN GAUC\u00cdN, M\u00e1laga, M\u00e1laga- Alberto Campo Baeza","isPartOf":{"@id":"https:\/\/www.campobaeza.com\/#website"},"datePublished":"2015-12-16T12:21:03+00:00","dateModified":"2021-04-05T08:53:38+00:00","description":"El tema central de esta Casa en Gauc\u00edn es la gran ventana que enmarca la impresionante vista de \u00c1frica, el Pe\u00f1\u00f3n de Gibraltar y el Mediterr\u00e1neo. 2015","breadcrumb":{"@id":"https:\/\/www.campobaeza.com\/es\/house-gaucin\/#breadcrumb"},"inLanguage":"es","potentialAction":[{"@type":"ReadAction","target":["https:\/\/www.campobaeza.com\/es\/house-gaucin\/"]}]},{"@type":"BreadcrumbList","@id":"https:\/\/www.campobaeza.com\/es\/house-gaucin\/#breadcrumb","itemListElement":[{"@type":"ListItem","position":1,"name":"Portada","item":"https:\/\/www.campobaeza.com\/es\/"},{"@type":"ListItem","position":2,"name":"2015 CASA EN GAUC\u00cdN, M\u00e1laga"}]},{"@type":"WebSite","@id":"https:\/\/www.campobaeza.com\/#website","url":"https:\/\/www.campobaeza.com\/","name":"Alberto Campo Baeza","description":"Estudio de Arquitectura de Alberto Campo Baeza","publisher":{"@id":"https:\/\/www.campobaeza.com\/#organization"},"potentialAction":[{"@type":"SearchAction","target":{"@type":"EntryPoint","urlTemplate":"https:\/\/www.campobaeza.com\/?s={search_term_string}"},"query-input":{"@type":"PropertyValueSpecification","valueRequired":true,"valueName":"search_term_string"}}],"inLanguage":"es"},{"@type":"Organization","@id":"https:\/\/www.campobaeza.com\/#organization","name":"Estudio de Arquitectura Campo Baeza S. L. P.","url":"https:\/\/www.campobaeza.com\/","logo":{"@type":"ImageObject","inLanguage":"es","@id":"https:\/\/www.campobaeza.com\/#\/schema\/logo\/image\/","url":"https:\/\/www.campobaeza.com\/wp-content\/uploads\/2017\/03\/Logo-Alberto-01.jpg","contentUrl":"https:\/\/www.campobaeza.com\/wp-content\/uploads\/2017\/03\/Logo-Alberto-01.jpg","width":2362,"height":2362,"caption":"Estudio de Arquitectura Campo Baeza S. L. P."},"image":{"@id":"https:\/\/www.campobaeza.com\/#\/schema\/logo\/image\/"},"sameAs":["https:\/\/x.com\/ACampoBaeza","https:\/\/www.instagram.com\/acampobaeza","https:\/\/www.youtube.com\/channel\/UC3y9inL5nDYCB44h2Lf1E6Q?view_as=subscriber"]}]}},"_links":{"self":[{"href":"https:\/\/www.campobaeza.com\/es\/wp-json\/wp\/v2\/posts\/4417","targetHints":{"allow":["GET"]}}],"collection":[{"href":"https:\/\/www.campobaeza.com\/es\/wp-json\/wp\/v2\/posts"}],"about":[{"href":"https:\/\/www.campobaeza.com\/es\/wp-json\/wp\/v2\/types\/post"}],"author":[{"embeddable":true,"href":"https:\/\/www.campobaeza.com\/es\/wp-json\/wp\/v2\/users\/10000089"}],"replies":[{"embeddable":true,"href":"https:\/\/www.campobaeza.com\/es\/wp-json\/wp\/v2\/comments?post=4417"}],"version-history":[{"count":0,"href":"https:\/\/www.campobaeza.com\/es\/wp-json\/wp\/v2\/posts\/4417\/revisions"}],"wp:attachment":[{"href":"https:\/\/www.campobaeza.com\/es\/wp-json\/wp\/v2\/media?parent=4417"}],"wp:term":[{"taxonomy":"category","embeddable":true,"href":"https:\/\/www.campobaeza.com\/es\/wp-json\/wp\/v2\/categories?post=4417"},{"taxonomy":"post_tag","embeddable":true,"href":"https:\/\/www.campobaeza.com\/es\/wp-json\/wp\/v2\/tags?post=4417"}],"curies":[{"name":"wp","href":"https:\/\/api.w.org\/{rel}","templated":true}]}}