{"id":4459,"date":"2002-01-01T19:28:38","date_gmt":"2002-01-01T18:28:38","guid":{"rendered":"http:\/\/www.campobaeza.com\/es\/mercedes-benz-museum\/"},"modified":"2017-03-17T18:13:30","modified_gmt":"2017-03-17T17:13:30","slug":"mercedes-benz-museum","status":"publish","type":"post","link":"https:\/\/www.campobaeza.com\/es\/mercedes-benz-museum\/","title":{"rendered":"2002 MUSEO MERCEDES BENZ"},"content":{"rendered":"<p style=\"text-align: justify;\">Quer\u00edamos construir una idea clara: la idea de movimiento: la raz\u00f3n de ser del autom\u00f3vil, como tema central para el nuevo museo de Mercedes Benz en Stuttgart. Como base material, con posibilidad de ida y vuelta, concebimos un trozo de autopista elevada con traza helicoidal, con una banda central para los visitantes del museo y una banda lateral para los coches en exposici\u00f3n, cubierto todo ello con una caja de vidrio. Y otra banda lateral descubierta, sobre la que estar\u00e1n los coches en movimiento.<\/p>\n<p style=\"text-align: justify;\">Para responder al lugar: una encrucijada entre una carretera, una autopista elevada y un r\u00edo, creamos un gran podio, en el que se incluye todo el programa de elementos servidores, a cuyo plano superior se accede por amplias rampas y sobre el que emerge la potente pieza helicoidal. Todo en hormig\u00f3n visto. Sencillo y rotundo.<\/p>\n<p style=\"text-align: justify;\">Intentamos as\u00ed, para el nuevo museo de Mercedes Benz construir una imagen capaz de sorprender y fascinar. Capaz de permanecer en el tiempo y en la memoria.<\/p>\n","protected":false},"excerpt":{"rendered":"<p>Quer\u00edamos construir una idea clara: la idea de movimiento: la [&hellip;]<\/p>\n","protected":false},"author":10000089,"featured_media":0,"comment_status":"closed","ping_status":"closed","sticky":false,"template":"","format":"standard","meta":{"_acf_changed":false},"categories":[64,46,1],"tags":[],"class_list":["post-4459","post","type-post","status-publish","format-standard","hentry","category-arquitecture-es","category-sin-categorizar","category-uncategorized","tax_work_location-europa","tax_work_type-concursos","tax_work_type-publica"],"acf":[],"yoast_head":"<!-- This site is optimized with the Yoast SEO plugin v27.3 - https:\/\/yoast.com\/product\/yoast-seo-wordpress\/ -->\n<title>2002 MUSEO MERCEDES BENZ - Alberto Campo Baeza<\/title>\n<meta name=\"description\" content=\"Concurso de arquitectura: Museo Mercedes Benz, Sttutgart. La idea de movimiento: la raz\u00f3n de ser del autom\u00f3vil, como tema central. Alemania 2002.\" \/>\n<meta name=\"robots\" content=\"index, follow, max-snippet:-1, max-image-preview:large, max-video-preview:-1\" \/>\n<link rel=\"canonical\" href=\"https:\/\/www.campobaeza.com\/es\/mercedes-benz-museum\/\" \/>\n<meta property=\"og:locale\" content=\"es_ES\" \/>\n<meta property=\"og:type\" content=\"article\" \/>\n<meta property=\"og:title\" content=\"2002 MUSEO MERCEDES BENZ - Alberto Campo Baeza\" \/>\n<meta property=\"og:description\" content=\"Concurso de arquitectura: Museo Mercedes Benz, Sttutgart. La idea de movimiento: la raz\u00f3n de ser del autom\u00f3vil, como tema central. Alemania 2002.\" \/>\n<meta property=\"og:url\" content=\"https:\/\/www.campobaeza.com\/es\/mercedes-benz-museum\/\" \/>\n<meta property=\"og:site_name\" content=\"Alberto Campo Baeza\" \/>\n<meta property=\"article:published_time\" content=\"2002-01-01T18:28:38+00:00\" \/>\n<meta property=\"article:modified_time\" content=\"2017-03-17T17:13:30+00:00\" \/>\n<meta name=\"author\" content=\"estudio\" \/>\n<meta name=\"twitter:card\" content=\"summary_large_image\" \/>\n<meta name=\"twitter:creator\" content=\"@ACampoBaeza\" \/>\n<meta name=\"twitter:site\" content=\"@ACampoBaeza\" \/>\n<meta name=\"twitter:label1\" content=\"Escrito por\" \/>\n\t<meta name=\"twitter:data1\" content=\"estudio\" \/>\n\t<meta name=\"twitter:label2\" content=\"Tiempo de lectura\" \/>\n\t<meta name=\"twitter:data2\" content=\"1 minuto\" \/>\n<script type=\"application\/ld+json\" class=\"yoast-schema-graph\">{\"@context\":\"https:\\\/\\\/schema.org\",\"@graph\":[{\"@type\":\"WebPage\",\"@id\":\"https:\\\/\\\/www.campobaeza.com\\\/es\\\/mercedes-benz-museum\\\/\",\"url\":\"https:\\\/\\\/www.campobaeza.com\\\/es\\\/mercedes-benz-museum\\\/\",\"name\":\"2002 MUSEO MERCEDES BENZ - Alberto Campo Baeza\",\"isPartOf\":{\"@id\":\"https:\\\/\\\/www.campobaeza.com\\\/#website\"},\"datePublished\":\"2002-01-01T18:28:38+00:00\",\"dateModified\":\"2017-03-17T17:13:30+00:00\",\"description\":\"Concurso de arquitectura: Museo Mercedes Benz, Sttutgart. La idea de movimiento: la raz\u00f3n de ser del autom\u00f3vil, como tema central. Alemania 2002.\",\"breadcrumb\":{\"@id\":\"https:\\\/\\\/www.campobaeza.com\\\/es\\\/mercedes-benz-museum\\\/#breadcrumb\"},\"inLanguage\":\"es\",\"potentialAction\":[{\"@type\":\"ReadAction\",\"target\":[\"https:\\\/\\\/www.campobaeza.com\\\/es\\\/mercedes-benz-museum\\\/\"]}]},{\"@type\":\"BreadcrumbList\",\"@id\":\"https:\\\/\\\/www.campobaeza.com\\\/es\\\/mercedes-benz-museum\\\/#breadcrumb\",\"itemListElement\":[{\"@type\":\"ListItem\",\"position\":1,\"name\":\"Portada\",\"item\":\"https:\\\/\\\/www.campobaeza.com\\\/es\\\/\"},{\"@type\":\"ListItem\",\"position\":2,\"name\":\"2002 MUSEO MERCEDES BENZ\"}]},{\"@type\":\"WebSite\",\"@id\":\"https:\\\/\\\/www.campobaeza.com\\\/#website\",\"url\":\"https:\\\/\\\/www.campobaeza.com\\\/\",\"name\":\"Alberto Campo Baeza\",\"description\":\"Estudio de Arquitectura de Alberto Campo Baeza\",\"publisher\":{\"@id\":\"https:\\\/\\\/www.campobaeza.com\\\/#organization\"},\"potentialAction\":[{\"@type\":\"SearchAction\",\"target\":{\"@type\":\"EntryPoint\",\"urlTemplate\":\"https:\\\/\\\/www.campobaeza.com\\\/?s={search_term_string}\"},\"query-input\":{\"@type\":\"PropertyValueSpecification\",\"valueRequired\":true,\"valueName\":\"search_term_string\"}}],\"inLanguage\":\"es\"},{\"@type\":\"Organization\",\"@id\":\"https:\\\/\\\/www.campobaeza.com\\\/#organization\",\"name\":\"Estudio de Arquitectura Campo Baeza S. L. P.\",\"url\":\"https:\\\/\\\/www.campobaeza.com\\\/\",\"logo\":{\"@type\":\"ImageObject\",\"inLanguage\":\"es\",\"@id\":\"https:\\\/\\\/www.campobaeza.com\\\/#\\\/schema\\\/logo\\\/image\\\/\",\"url\":\"https:\\\/\\\/www.campobaeza.com\\\/wp-content\\\/uploads\\\/2017\\\/03\\\/Logo-Alberto-01.jpg\",\"contentUrl\":\"https:\\\/\\\/www.campobaeza.com\\\/wp-content\\\/uploads\\\/2017\\\/03\\\/Logo-Alberto-01.jpg\",\"width\":2362,\"height\":2362,\"caption\":\"Estudio de Arquitectura Campo Baeza S. L. P.\"},\"image\":{\"@id\":\"https:\\\/\\\/www.campobaeza.com\\\/#\\\/schema\\\/logo\\\/image\\\/\"},\"sameAs\":[\"https:\\\/\\\/x.com\\\/ACampoBaeza\",\"https:\\\/\\\/www.instagram.com\\\/acampobaeza\",\"https:\\\/\\\/www.youtube.com\\\/channel\\\/UC3y9inL5nDYCB44h2Lf1E6Q?view_as=subscriber\"]}]}<\/script>\n<!-- \/ Yoast SEO plugin. -->","yoast_head_json":{"title":"2002 MUSEO MERCEDES BENZ - Alberto Campo Baeza","description":"Concurso de arquitectura: Museo Mercedes Benz, Sttutgart. La idea de movimiento: la raz\u00f3n de ser del autom\u00f3vil, como tema central. Alemania 2002.","robots":{"index":"index","follow":"follow","max-snippet":"max-snippet:-1","max-image-preview":"max-image-preview:large","max-video-preview":"max-video-preview:-1"},"canonical":"https:\/\/www.campobaeza.com\/es\/mercedes-benz-museum\/","og_locale":"es_ES","og_type":"article","og_title":"2002 MUSEO MERCEDES BENZ - Alberto Campo Baeza","og_description":"Concurso de arquitectura: Museo Mercedes Benz, Sttutgart. La idea de movimiento: la raz\u00f3n de ser del autom\u00f3vil, como tema central. Alemania 2002.","og_url":"https:\/\/www.campobaeza.com\/es\/mercedes-benz-museum\/","og_site_name":"Alberto Campo Baeza","article_published_time":"2002-01-01T18:28:38+00:00","article_modified_time":"2017-03-17T17:13:30+00:00","author":"estudio","twitter_card":"summary_large_image","twitter_creator":"@ACampoBaeza","twitter_site":"@ACampoBaeza","twitter_misc":{"Escrito por":"estudio","Tiempo de lectura":"1 minuto"},"schema":{"@context":"https:\/\/schema.org","@graph":[{"@type":"WebPage","@id":"https:\/\/www.campobaeza.com\/es\/mercedes-benz-museum\/","url":"https:\/\/www.campobaeza.com\/es\/mercedes-benz-museum\/","name":"2002 MUSEO MERCEDES BENZ - Alberto Campo Baeza","isPartOf":{"@id":"https:\/\/www.campobaeza.com\/#website"},"datePublished":"2002-01-01T18:28:38+00:00","dateModified":"2017-03-17T17:13:30+00:00","description":"Concurso de arquitectura: Museo Mercedes Benz, Sttutgart. La idea de movimiento: la raz\u00f3n de ser del autom\u00f3vil, como tema central. Alemania 2002.","breadcrumb":{"@id":"https:\/\/www.campobaeza.com\/es\/mercedes-benz-museum\/#breadcrumb"},"inLanguage":"es","potentialAction":[{"@type":"ReadAction","target":["https:\/\/www.campobaeza.com\/es\/mercedes-benz-museum\/"]}]},{"@type":"BreadcrumbList","@id":"https:\/\/www.campobaeza.com\/es\/mercedes-benz-museum\/#breadcrumb","itemListElement":[{"@type":"ListItem","position":1,"name":"Portada","item":"https:\/\/www.campobaeza.com\/es\/"},{"@type":"ListItem","position":2,"name":"2002 MUSEO MERCEDES BENZ"}]},{"@type":"WebSite","@id":"https:\/\/www.campobaeza.com\/#website","url":"https:\/\/www.campobaeza.com\/","name":"Alberto Campo Baeza","description":"Estudio de Arquitectura de Alberto Campo Baeza","publisher":{"@id":"https:\/\/www.campobaeza.com\/#organization"},"potentialAction":[{"@type":"SearchAction","target":{"@type":"EntryPoint","urlTemplate":"https:\/\/www.campobaeza.com\/?s={search_term_string}"},"query-input":{"@type":"PropertyValueSpecification","valueRequired":true,"valueName":"search_term_string"}}],"inLanguage":"es"},{"@type":"Organization","@id":"https:\/\/www.campobaeza.com\/#organization","name":"Estudio de Arquitectura Campo Baeza S. L. P.","url":"https:\/\/www.campobaeza.com\/","logo":{"@type":"ImageObject","inLanguage":"es","@id":"https:\/\/www.campobaeza.com\/#\/schema\/logo\/image\/","url":"https:\/\/www.campobaeza.com\/wp-content\/uploads\/2017\/03\/Logo-Alberto-01.jpg","contentUrl":"https:\/\/www.campobaeza.com\/wp-content\/uploads\/2017\/03\/Logo-Alberto-01.jpg","width":2362,"height":2362,"caption":"Estudio de Arquitectura Campo Baeza S. L. P."},"image":{"@id":"https:\/\/www.campobaeza.com\/#\/schema\/logo\/image\/"},"sameAs":["https:\/\/x.com\/ACampoBaeza","https:\/\/www.instagram.com\/acampobaeza","https:\/\/www.youtube.com\/channel\/UC3y9inL5nDYCB44h2Lf1E6Q?view_as=subscriber"]}]}},"_links":{"self":[{"href":"https:\/\/www.campobaeza.com\/es\/wp-json\/wp\/v2\/posts\/4459","targetHints":{"allow":["GET"]}}],"collection":[{"href":"https:\/\/www.campobaeza.com\/es\/wp-json\/wp\/v2\/posts"}],"about":[{"href":"https:\/\/www.campobaeza.com\/es\/wp-json\/wp\/v2\/types\/post"}],"author":[{"embeddable":true,"href":"https:\/\/www.campobaeza.com\/es\/wp-json\/wp\/v2\/users\/10000089"}],"replies":[{"embeddable":true,"href":"https:\/\/www.campobaeza.com\/es\/wp-json\/wp\/v2\/comments?post=4459"}],"version-history":[{"count":0,"href":"https:\/\/www.campobaeza.com\/es\/wp-json\/wp\/v2\/posts\/4459\/revisions"}],"wp:attachment":[{"href":"https:\/\/www.campobaeza.com\/es\/wp-json\/wp\/v2\/media?parent=4459"}],"wp:term":[{"taxonomy":"category","embeddable":true,"href":"https:\/\/www.campobaeza.com\/es\/wp-json\/wp\/v2\/categories?post=4459"},{"taxonomy":"post_tag","embeddable":true,"href":"https:\/\/www.campobaeza.com\/es\/wp-json\/wp\/v2\/tags?post=4459"}],"curies":[{"name":"wp","href":"https:\/\/api.w.org\/{rel}","templated":true}]}}