{"id":4510,"date":"1982-01-01T18:06:27","date_gmt":"1982-01-01T17:06:27","guid":{"rendered":"http:\/\/www.campobaeza.com\/es\/daycare-center-2\/"},"modified":"2024-05-31T12:39:10","modified_gmt":"2024-05-31T10:39:10","slug":"daycare-center-aspe","status":"publish","type":"post","link":"https:\/\/www.campobaeza.com\/es\/daycare-center-aspe\/","title":{"rendered":"1982 GUARDER\u00cdA EN ASPE"},"content":{"rendered":"<p style=\"text-align: justify;\">El entorno degradado y las dimensiones reducidas del solar suger\u00edan un edificio introvertido, que se traduce en una caja blanca con espacios muy luminosos en su interior. Compositivamente se articula en dos patios a los que se abren las aulas. Uno de ellos recoge el desnivel del terreno, a cuya cota m\u00e1s baja se accede con la escalera y la rampa que tensan dicho espacio.<\/p>\n<p style=\"text-align: justify;\">Los n\u00facleos de aseo, espec\u00edficos para ni\u00f1os, entre cada dos aulas, se hacen muy luminosos con el cerramiento de pav\u00e9s. El espacio central, de acceso y de uso polivalente (vest\u00edbulo, comedor y \u00e1rea de juegos cubierta), toma la luz horizontal de los patios y la vertical de los lucernarios del techo.<\/p>\n","protected":false},"excerpt":{"rendered":"<p>El entorno degradado y las dimensiones reducidas del solar suger\u00edan [&hellip;]<\/p>\n","protected":false},"author":10000089,"featured_media":0,"comment_status":"closed","ping_status":"closed","sticky":false,"template":"","format":"standard","meta":{"_acf_changed":false},"categories":[64,46,1],"tags":[],"class_list":["post-4510","post","type-post","status-publish","format-standard","hentry","category-arquitecture-es","category-sin-categorizar","category-uncategorized","tax_work_location-espana","tax_work_location-europa","tax_work_type-docente","tax_work_type-construido"],"acf":[],"yoast_head":"<!-- This site is optimized with the Yoast SEO plugin v27.3 - https:\/\/yoast.com\/product\/yoast-seo-wordpress\/ -->\n<title>1982 GUARDER\u00cdA EN ASPE, Alicante - Alberto Campo Baeza<\/title>\n<meta name=\"description\" content=\"Guarder\u00eda en Aspe. Alicante, Espa\u00f1a. En colaboraci\u00f3n con Javier Esteban Mart\u00edn. 1982.\" \/>\n<meta name=\"robots\" content=\"index, follow, max-snippet:-1, max-image-preview:large, max-video-preview:-1\" \/>\n<link rel=\"canonical\" href=\"https:\/\/www.campobaeza.com\/es\/daycare-center-aspe\/\" \/>\n<meta property=\"og:locale\" content=\"es_ES\" \/>\n<meta property=\"og:type\" content=\"article\" \/>\n<meta property=\"og:title\" content=\"1982 GUARDER\u00cdA EN ASPE, Alicante - Alberto Campo Baeza\" \/>\n<meta property=\"og:description\" content=\"Guarder\u00eda en Aspe. Alicante, Espa\u00f1a. En colaboraci\u00f3n con Javier Esteban Mart\u00edn. 1982.\" \/>\n<meta property=\"og:url\" content=\"https:\/\/www.campobaeza.com\/es\/daycare-center-aspe\/\" \/>\n<meta property=\"og:site_name\" content=\"Alberto Campo Baeza\" \/>\n<meta property=\"article:published_time\" content=\"1982-01-01T17:06:27+00:00\" \/>\n<meta property=\"article:modified_time\" content=\"2024-05-31T10:39:10+00:00\" \/>\n<meta name=\"author\" content=\"estudio\" \/>\n<meta name=\"twitter:card\" content=\"summary_large_image\" \/>\n<meta name=\"twitter:creator\" content=\"@ACampoBaeza\" \/>\n<meta name=\"twitter:site\" content=\"@ACampoBaeza\" \/>\n<meta name=\"twitter:label1\" content=\"Escrito por\" \/>\n\t<meta name=\"twitter:data1\" content=\"estudio\" \/>\n\t<meta name=\"twitter:label2\" content=\"Tiempo de lectura\" \/>\n\t<meta name=\"twitter:data2\" content=\"1 minuto\" \/>\n<script type=\"application\/ld+json\" class=\"yoast-schema-graph\">{\"@context\":\"https:\\\/\\\/schema.org\",\"@graph\":[{\"@type\":\"WebPage\",\"@id\":\"https:\\\/\\\/www.campobaeza.com\\\/es\\\/daycare-center-aspe\\\/\",\"url\":\"https:\\\/\\\/www.campobaeza.com\\\/es\\\/daycare-center-aspe\\\/\",\"name\":\"1982 GUARDER\u00cdA EN ASPE, Alicante - Alberto Campo Baeza\",\"isPartOf\":{\"@id\":\"https:\\\/\\\/www.campobaeza.com\\\/#website\"},\"datePublished\":\"1982-01-01T17:06:27+00:00\",\"dateModified\":\"2024-05-31T10:39:10+00:00\",\"description\":\"Guarder\u00eda en Aspe. Alicante, Espa\u00f1a. En colaboraci\u00f3n con Javier Esteban Mart\u00edn. 1982.\",\"breadcrumb\":{\"@id\":\"https:\\\/\\\/www.campobaeza.com\\\/es\\\/daycare-center-aspe\\\/#breadcrumb\"},\"inLanguage\":\"es\",\"potentialAction\":[{\"@type\":\"ReadAction\",\"target\":[\"https:\\\/\\\/www.campobaeza.com\\\/es\\\/daycare-center-aspe\\\/\"]}]},{\"@type\":\"BreadcrumbList\",\"@id\":\"https:\\\/\\\/www.campobaeza.com\\\/es\\\/daycare-center-aspe\\\/#breadcrumb\",\"itemListElement\":[{\"@type\":\"ListItem\",\"position\":1,\"name\":\"Portada\",\"item\":\"https:\\\/\\\/www.campobaeza.com\\\/es\\\/\"},{\"@type\":\"ListItem\",\"position\":2,\"name\":\"1982 GUARDER\u00cdA EN ASPE\"}]},{\"@type\":\"WebSite\",\"@id\":\"https:\\\/\\\/www.campobaeza.com\\\/#website\",\"url\":\"https:\\\/\\\/www.campobaeza.com\\\/\",\"name\":\"Alberto Campo Baeza\",\"description\":\"Estudio de Arquitectura de Alberto Campo Baeza\",\"publisher\":{\"@id\":\"https:\\\/\\\/www.campobaeza.com\\\/#organization\"},\"potentialAction\":[{\"@type\":\"SearchAction\",\"target\":{\"@type\":\"EntryPoint\",\"urlTemplate\":\"https:\\\/\\\/www.campobaeza.com\\\/?s={search_term_string}\"},\"query-input\":{\"@type\":\"PropertyValueSpecification\",\"valueRequired\":true,\"valueName\":\"search_term_string\"}}],\"inLanguage\":\"es\"},{\"@type\":\"Organization\",\"@id\":\"https:\\\/\\\/www.campobaeza.com\\\/#organization\",\"name\":\"Estudio de Arquitectura Campo Baeza S. L. P.\",\"url\":\"https:\\\/\\\/www.campobaeza.com\\\/\",\"logo\":{\"@type\":\"ImageObject\",\"inLanguage\":\"es\",\"@id\":\"https:\\\/\\\/www.campobaeza.com\\\/#\\\/schema\\\/logo\\\/image\\\/\",\"url\":\"https:\\\/\\\/www.campobaeza.com\\\/wp-content\\\/uploads\\\/2017\\\/03\\\/Logo-Alberto-01.jpg\",\"contentUrl\":\"https:\\\/\\\/www.campobaeza.com\\\/wp-content\\\/uploads\\\/2017\\\/03\\\/Logo-Alberto-01.jpg\",\"width\":2362,\"height\":2362,\"caption\":\"Estudio de Arquitectura Campo Baeza S. L. P.\"},\"image\":{\"@id\":\"https:\\\/\\\/www.campobaeza.com\\\/#\\\/schema\\\/logo\\\/image\\\/\"},\"sameAs\":[\"https:\\\/\\\/x.com\\\/ACampoBaeza\",\"https:\\\/\\\/www.instagram.com\\\/acampobaeza\",\"https:\\\/\\\/www.youtube.com\\\/channel\\\/UC3y9inL5nDYCB44h2Lf1E6Q?view_as=subscriber\"]}]}<\/script>\n<!-- \/ Yoast SEO plugin. -->","yoast_head_json":{"title":"1982 GUARDER\u00cdA EN ASPE, Alicante - Alberto Campo Baeza","description":"Guarder\u00eda en Aspe. Alicante, Espa\u00f1a. En colaboraci\u00f3n con Javier Esteban Mart\u00edn. 1982.","robots":{"index":"index","follow":"follow","max-snippet":"max-snippet:-1","max-image-preview":"max-image-preview:large","max-video-preview":"max-video-preview:-1"},"canonical":"https:\/\/www.campobaeza.com\/es\/daycare-center-aspe\/","og_locale":"es_ES","og_type":"article","og_title":"1982 GUARDER\u00cdA EN ASPE, Alicante - Alberto Campo Baeza","og_description":"Guarder\u00eda en Aspe. Alicante, Espa\u00f1a. En colaboraci\u00f3n con Javier Esteban Mart\u00edn. 1982.","og_url":"https:\/\/www.campobaeza.com\/es\/daycare-center-aspe\/","og_site_name":"Alberto Campo Baeza","article_published_time":"1982-01-01T17:06:27+00:00","article_modified_time":"2024-05-31T10:39:10+00:00","author":"estudio","twitter_card":"summary_large_image","twitter_creator":"@ACampoBaeza","twitter_site":"@ACampoBaeza","twitter_misc":{"Escrito por":"estudio","Tiempo de lectura":"1 minuto"},"schema":{"@context":"https:\/\/schema.org","@graph":[{"@type":"WebPage","@id":"https:\/\/www.campobaeza.com\/es\/daycare-center-aspe\/","url":"https:\/\/www.campobaeza.com\/es\/daycare-center-aspe\/","name":"1982 GUARDER\u00cdA EN ASPE, Alicante - Alberto Campo Baeza","isPartOf":{"@id":"https:\/\/www.campobaeza.com\/#website"},"datePublished":"1982-01-01T17:06:27+00:00","dateModified":"2024-05-31T10:39:10+00:00","description":"Guarder\u00eda en Aspe. Alicante, Espa\u00f1a. En colaboraci\u00f3n con Javier Esteban Mart\u00edn. 1982.","breadcrumb":{"@id":"https:\/\/www.campobaeza.com\/es\/daycare-center-aspe\/#breadcrumb"},"inLanguage":"es","potentialAction":[{"@type":"ReadAction","target":["https:\/\/www.campobaeza.com\/es\/daycare-center-aspe\/"]}]},{"@type":"BreadcrumbList","@id":"https:\/\/www.campobaeza.com\/es\/daycare-center-aspe\/#breadcrumb","itemListElement":[{"@type":"ListItem","position":1,"name":"Portada","item":"https:\/\/www.campobaeza.com\/es\/"},{"@type":"ListItem","position":2,"name":"1982 GUARDER\u00cdA EN ASPE"}]},{"@type":"WebSite","@id":"https:\/\/www.campobaeza.com\/#website","url":"https:\/\/www.campobaeza.com\/","name":"Alberto Campo Baeza","description":"Estudio de Arquitectura de Alberto Campo Baeza","publisher":{"@id":"https:\/\/www.campobaeza.com\/#organization"},"potentialAction":[{"@type":"SearchAction","target":{"@type":"EntryPoint","urlTemplate":"https:\/\/www.campobaeza.com\/?s={search_term_string}"},"query-input":{"@type":"PropertyValueSpecification","valueRequired":true,"valueName":"search_term_string"}}],"inLanguage":"es"},{"@type":"Organization","@id":"https:\/\/www.campobaeza.com\/#organization","name":"Estudio de Arquitectura Campo Baeza S. L. P.","url":"https:\/\/www.campobaeza.com\/","logo":{"@type":"ImageObject","inLanguage":"es","@id":"https:\/\/www.campobaeza.com\/#\/schema\/logo\/image\/","url":"https:\/\/www.campobaeza.com\/wp-content\/uploads\/2017\/03\/Logo-Alberto-01.jpg","contentUrl":"https:\/\/www.campobaeza.com\/wp-content\/uploads\/2017\/03\/Logo-Alberto-01.jpg","width":2362,"height":2362,"caption":"Estudio de Arquitectura Campo Baeza S. L. P."},"image":{"@id":"https:\/\/www.campobaeza.com\/#\/schema\/logo\/image\/"},"sameAs":["https:\/\/x.com\/ACampoBaeza","https:\/\/www.instagram.com\/acampobaeza","https:\/\/www.youtube.com\/channel\/UC3y9inL5nDYCB44h2Lf1E6Q?view_as=subscriber"]}]}},"_links":{"self":[{"href":"https:\/\/www.campobaeza.com\/es\/wp-json\/wp\/v2\/posts\/4510","targetHints":{"allow":["GET"]}}],"collection":[{"href":"https:\/\/www.campobaeza.com\/es\/wp-json\/wp\/v2\/posts"}],"about":[{"href":"https:\/\/www.campobaeza.com\/es\/wp-json\/wp\/v2\/types\/post"}],"author":[{"embeddable":true,"href":"https:\/\/www.campobaeza.com\/es\/wp-json\/wp\/v2\/users\/10000089"}],"replies":[{"embeddable":true,"href":"https:\/\/www.campobaeza.com\/es\/wp-json\/wp\/v2\/comments?post=4510"}],"version-history":[{"count":0,"href":"https:\/\/www.campobaeza.com\/es\/wp-json\/wp\/v2\/posts\/4510\/revisions"}],"wp:attachment":[{"href":"https:\/\/www.campobaeza.com\/es\/wp-json\/wp\/v2\/media?parent=4510"}],"wp:term":[{"taxonomy":"category","embeddable":true,"href":"https:\/\/www.campobaeza.com\/es\/wp-json\/wp\/v2\/categories?post=4510"},{"taxonomy":"post_tag","embeddable":true,"href":"https:\/\/www.campobaeza.com\/es\/wp-json\/wp\/v2\/tags?post=4510"}],"curies":[{"name":"wp","href":"https:\/\/api.w.org\/{rel}","templated":true}]}}