{"id":4516,"date":"1976-01-01T17:57:11","date_gmt":"1976-01-01T16:57:11","guid":{"rendered":"http:\/\/www.campobaeza.com\/es\/balseiro-house\/"},"modified":"2018-11-15T13:22:22","modified_gmt":"2018-11-15T12:22:22","slug":"balseiro-house","status":"publish","type":"post","link":"https:\/\/www.campobaeza.com\/es\/balseiro-house\/","title":{"rendered":"1976 CASA BALSEIRO"},"content":{"rendered":"<p style=\"text-align: justify;\">La edificaci\u00f3n deb\u00eda reunir una doble condici\u00f3n. Sus dos primeras plantas, en las que se desarrollar\u00eda la casa de la propietaria deb\u00edan dar al jard\u00edn, y las dos plantas superiores, con viviendas convencionales, para ser vendidas, deb\u00edan cerrar sus vistas a dicho jard\u00edn.<\/p>\n<p style=\"text-align: justify;\">Como el terreno tiene gran pendiente hacia el oeste se hace emerger convenientemente el s\u00f3tano a nivel del jard\u00edn y en continuidad con \u00e9l. El espacio de doble altura al que vierten los espacios secundarios tiene la visi\u00f3n del jard\u00edn a trav\u00e9s de grandes ventanales como foco principal de tensi\u00f3n espacial. Todo ello queda contenido en un \u00fanico volumen paralelepip\u00e9dico blanco excavado con la chimenea como contrapunto.<\/p>\n","protected":false},"excerpt":{"rendered":"<p>La edificaci\u00f3n deb\u00eda reunir una doble condici\u00f3n. Sus dos primeras [&hellip;]<\/p>\n","protected":false},"author":10000089,"featured_media":0,"comment_status":"closed","ping_status":"closed","sticky":false,"template":"","format":"standard","meta":{"_acf_changed":false},"categories":[64,46,1],"tags":[],"class_list":["post-4516","post","type-post","status-publish","format-standard","hentry","category-arquitecture-es","category-sin-categorizar","category-uncategorized","tax_work_location-espana","tax_work_location-europa","tax_work_type-residencial"],"acf":[],"yoast_head":"<!-- This site is optimized with the Yoast SEO plugin v27.3 - https:\/\/yoast.com\/product\/yoast-seo-wordpress\/ -->\n<title>1976 CASA BALSEIRO, Madrid - Alberto Campo Baeza<\/title>\n<meta name=\"description\" content=\"Proyecto. Casa Balseiro. Madrid, Espa\u00f1a. 1976. El proyecto tiene una condici\u00f3n dual, uniendo la vivienda del propietario y apartamentos independientes.\" \/>\n<meta name=\"robots\" content=\"index, follow, max-snippet:-1, max-image-preview:large, max-video-preview:-1\" \/>\n<link rel=\"canonical\" href=\"https:\/\/www.campobaeza.com\/es\/balseiro-house\/\" \/>\n<meta property=\"og:locale\" content=\"es_ES\" \/>\n<meta property=\"og:type\" content=\"article\" \/>\n<meta property=\"og:title\" content=\"1976 CASA BALSEIRO, Madrid - Alberto Campo Baeza\" \/>\n<meta property=\"og:description\" content=\"Proyecto. Casa Balseiro. Madrid, Espa\u00f1a. 1976. El proyecto tiene una condici\u00f3n dual, uniendo la vivienda del propietario y apartamentos independientes.\" \/>\n<meta property=\"og:url\" content=\"https:\/\/www.campobaeza.com\/es\/balseiro-house\/\" \/>\n<meta property=\"og:site_name\" content=\"Alberto Campo Baeza\" \/>\n<meta property=\"article:published_time\" content=\"1976-01-01T16:57:11+00:00\" \/>\n<meta property=\"article:modified_time\" content=\"2018-11-15T12:22:22+00:00\" \/>\n<meta name=\"author\" content=\"estudio\" \/>\n<meta name=\"twitter:card\" content=\"summary_large_image\" \/>\n<meta name=\"twitter:creator\" content=\"@ACampoBaeza\" \/>\n<meta name=\"twitter:site\" content=\"@ACampoBaeza\" \/>\n<meta name=\"twitter:label1\" content=\"Escrito por\" \/>\n\t<meta name=\"twitter:data1\" content=\"estudio\" \/>\n\t<meta name=\"twitter:label2\" content=\"Tiempo de lectura\" \/>\n\t<meta name=\"twitter:data2\" content=\"1 minuto\" \/>\n<script type=\"application\/ld+json\" class=\"yoast-schema-graph\">{\"@context\":\"https:\\\/\\\/schema.org\",\"@graph\":[{\"@type\":\"WebPage\",\"@id\":\"https:\\\/\\\/www.campobaeza.com\\\/es\\\/balseiro-house\\\/\",\"url\":\"https:\\\/\\\/www.campobaeza.com\\\/es\\\/balseiro-house\\\/\",\"name\":\"1976 CASA BALSEIRO, Madrid - Alberto Campo Baeza\",\"isPartOf\":{\"@id\":\"https:\\\/\\\/www.campobaeza.com\\\/#website\"},\"datePublished\":\"1976-01-01T16:57:11+00:00\",\"dateModified\":\"2018-11-15T12:22:22+00:00\",\"description\":\"Proyecto. Casa Balseiro. Madrid, Espa\u00f1a. 1976. El proyecto tiene una condici\u00f3n dual, uniendo la vivienda del propietario y apartamentos independientes.\",\"breadcrumb\":{\"@id\":\"https:\\\/\\\/www.campobaeza.com\\\/es\\\/balseiro-house\\\/#breadcrumb\"},\"inLanguage\":\"es\",\"potentialAction\":[{\"@type\":\"ReadAction\",\"target\":[\"https:\\\/\\\/www.campobaeza.com\\\/es\\\/balseiro-house\\\/\"]}]},{\"@type\":\"BreadcrumbList\",\"@id\":\"https:\\\/\\\/www.campobaeza.com\\\/es\\\/balseiro-house\\\/#breadcrumb\",\"itemListElement\":[{\"@type\":\"ListItem\",\"position\":1,\"name\":\"Portada\",\"item\":\"https:\\\/\\\/www.campobaeza.com\\\/es\\\/\"},{\"@type\":\"ListItem\",\"position\":2,\"name\":\"1976 CASA BALSEIRO\"}]},{\"@type\":\"WebSite\",\"@id\":\"https:\\\/\\\/www.campobaeza.com\\\/#website\",\"url\":\"https:\\\/\\\/www.campobaeza.com\\\/\",\"name\":\"Alberto Campo Baeza\",\"description\":\"Estudio de Arquitectura de Alberto Campo Baeza\",\"publisher\":{\"@id\":\"https:\\\/\\\/www.campobaeza.com\\\/#organization\"},\"potentialAction\":[{\"@type\":\"SearchAction\",\"target\":{\"@type\":\"EntryPoint\",\"urlTemplate\":\"https:\\\/\\\/www.campobaeza.com\\\/?s={search_term_string}\"},\"query-input\":{\"@type\":\"PropertyValueSpecification\",\"valueRequired\":true,\"valueName\":\"search_term_string\"}}],\"inLanguage\":\"es\"},{\"@type\":\"Organization\",\"@id\":\"https:\\\/\\\/www.campobaeza.com\\\/#organization\",\"name\":\"Estudio de Arquitectura Campo Baeza S. L. P.\",\"url\":\"https:\\\/\\\/www.campobaeza.com\\\/\",\"logo\":{\"@type\":\"ImageObject\",\"inLanguage\":\"es\",\"@id\":\"https:\\\/\\\/www.campobaeza.com\\\/#\\\/schema\\\/logo\\\/image\\\/\",\"url\":\"https:\\\/\\\/www.campobaeza.com\\\/wp-content\\\/uploads\\\/2017\\\/03\\\/Logo-Alberto-01.jpg\",\"contentUrl\":\"https:\\\/\\\/www.campobaeza.com\\\/wp-content\\\/uploads\\\/2017\\\/03\\\/Logo-Alberto-01.jpg\",\"width\":2362,\"height\":2362,\"caption\":\"Estudio de Arquitectura Campo Baeza S. L. P.\"},\"image\":{\"@id\":\"https:\\\/\\\/www.campobaeza.com\\\/#\\\/schema\\\/logo\\\/image\\\/\"},\"sameAs\":[\"https:\\\/\\\/x.com\\\/ACampoBaeza\",\"https:\\\/\\\/www.instagram.com\\\/acampobaeza\",\"https:\\\/\\\/www.youtube.com\\\/channel\\\/UC3y9inL5nDYCB44h2Lf1E6Q?view_as=subscriber\"]}]}<\/script>\n<!-- \/ Yoast SEO plugin. -->","yoast_head_json":{"title":"1976 CASA BALSEIRO, Madrid - Alberto Campo Baeza","description":"Proyecto. Casa Balseiro. Madrid, Espa\u00f1a. 1976. El proyecto tiene una condici\u00f3n dual, uniendo la vivienda del propietario y apartamentos independientes.","robots":{"index":"index","follow":"follow","max-snippet":"max-snippet:-1","max-image-preview":"max-image-preview:large","max-video-preview":"max-video-preview:-1"},"canonical":"https:\/\/www.campobaeza.com\/es\/balseiro-house\/","og_locale":"es_ES","og_type":"article","og_title":"1976 CASA BALSEIRO, Madrid - Alberto Campo Baeza","og_description":"Proyecto. Casa Balseiro. Madrid, Espa\u00f1a. 1976. El proyecto tiene una condici\u00f3n dual, uniendo la vivienda del propietario y apartamentos independientes.","og_url":"https:\/\/www.campobaeza.com\/es\/balseiro-house\/","og_site_name":"Alberto Campo Baeza","article_published_time":"1976-01-01T16:57:11+00:00","article_modified_time":"2018-11-15T12:22:22+00:00","author":"estudio","twitter_card":"summary_large_image","twitter_creator":"@ACampoBaeza","twitter_site":"@ACampoBaeza","twitter_misc":{"Escrito por":"estudio","Tiempo de lectura":"1 minuto"},"schema":{"@context":"https:\/\/schema.org","@graph":[{"@type":"WebPage","@id":"https:\/\/www.campobaeza.com\/es\/balseiro-house\/","url":"https:\/\/www.campobaeza.com\/es\/balseiro-house\/","name":"1976 CASA BALSEIRO, Madrid - Alberto Campo Baeza","isPartOf":{"@id":"https:\/\/www.campobaeza.com\/#website"},"datePublished":"1976-01-01T16:57:11+00:00","dateModified":"2018-11-15T12:22:22+00:00","description":"Proyecto. Casa Balseiro. Madrid, Espa\u00f1a. 1976. El proyecto tiene una condici\u00f3n dual, uniendo la vivienda del propietario y apartamentos independientes.","breadcrumb":{"@id":"https:\/\/www.campobaeza.com\/es\/balseiro-house\/#breadcrumb"},"inLanguage":"es","potentialAction":[{"@type":"ReadAction","target":["https:\/\/www.campobaeza.com\/es\/balseiro-house\/"]}]},{"@type":"BreadcrumbList","@id":"https:\/\/www.campobaeza.com\/es\/balseiro-house\/#breadcrumb","itemListElement":[{"@type":"ListItem","position":1,"name":"Portada","item":"https:\/\/www.campobaeza.com\/es\/"},{"@type":"ListItem","position":2,"name":"1976 CASA BALSEIRO"}]},{"@type":"WebSite","@id":"https:\/\/www.campobaeza.com\/#website","url":"https:\/\/www.campobaeza.com\/","name":"Alberto Campo Baeza","description":"Estudio de Arquitectura de Alberto Campo Baeza","publisher":{"@id":"https:\/\/www.campobaeza.com\/#organization"},"potentialAction":[{"@type":"SearchAction","target":{"@type":"EntryPoint","urlTemplate":"https:\/\/www.campobaeza.com\/?s={search_term_string}"},"query-input":{"@type":"PropertyValueSpecification","valueRequired":true,"valueName":"search_term_string"}}],"inLanguage":"es"},{"@type":"Organization","@id":"https:\/\/www.campobaeza.com\/#organization","name":"Estudio de Arquitectura Campo Baeza S. L. P.","url":"https:\/\/www.campobaeza.com\/","logo":{"@type":"ImageObject","inLanguage":"es","@id":"https:\/\/www.campobaeza.com\/#\/schema\/logo\/image\/","url":"https:\/\/www.campobaeza.com\/wp-content\/uploads\/2017\/03\/Logo-Alberto-01.jpg","contentUrl":"https:\/\/www.campobaeza.com\/wp-content\/uploads\/2017\/03\/Logo-Alberto-01.jpg","width":2362,"height":2362,"caption":"Estudio de Arquitectura Campo Baeza S. L. P."},"image":{"@id":"https:\/\/www.campobaeza.com\/#\/schema\/logo\/image\/"},"sameAs":["https:\/\/x.com\/ACampoBaeza","https:\/\/www.instagram.com\/acampobaeza","https:\/\/www.youtube.com\/channel\/UC3y9inL5nDYCB44h2Lf1E6Q?view_as=subscriber"]}]}},"_links":{"self":[{"href":"https:\/\/www.campobaeza.com\/es\/wp-json\/wp\/v2\/posts\/4516","targetHints":{"allow":["GET"]}}],"collection":[{"href":"https:\/\/www.campobaeza.com\/es\/wp-json\/wp\/v2\/posts"}],"about":[{"href":"https:\/\/www.campobaeza.com\/es\/wp-json\/wp\/v2\/types\/post"}],"author":[{"embeddable":true,"href":"https:\/\/www.campobaeza.com\/es\/wp-json\/wp\/v2\/users\/10000089"}],"replies":[{"embeddable":true,"href":"https:\/\/www.campobaeza.com\/es\/wp-json\/wp\/v2\/comments?post=4516"}],"version-history":[{"count":0,"href":"https:\/\/www.campobaeza.com\/es\/wp-json\/wp\/v2\/posts\/4516\/revisions"}],"wp:attachment":[{"href":"https:\/\/www.campobaeza.com\/es\/wp-json\/wp\/v2\/media?parent=4516"}],"wp:term":[{"taxonomy":"category","embeddable":true,"href":"https:\/\/www.campobaeza.com\/es\/wp-json\/wp\/v2\/categories?post=4516"},{"taxonomy":"post_tag","embeddable":true,"href":"https:\/\/www.campobaeza.com\/es\/wp-json\/wp\/v2\/tags?post=4516"}],"curies":[{"name":"wp","href":"https:\/\/api.w.org\/{rel}","templated":true}]}}