{"id":7388,"date":"2016-09-22T18:12:37","date_gmt":"2016-09-22T16:12:37","guid":{"rendered":"http:\/\/www.campobaeza.com\/es\/mali\/"},"modified":"2022-05-10T10:22:54","modified_gmt":"2022-05-10T08:22:54","slug":"mali-museum","status":"publish","type":"post","link":"https:\/\/www.campobaeza.com\/es\/mali-museum\/","title":{"rendered":"2016 MALI, Per\u00fa"},"content":{"rendered":"<p style=\"text-align: justify;\"><strong>CASUARIUS<\/strong><\/p>\n<p style=\"text-align: justify;\">Nos gustar\u00eda hacer para Lima el Museo m\u00e1s hermoso del mundo.<\/p>\n<p style=\"text-align: justify;\">Tras estudiar a fondo todos los condicionantes planteados, creemos que el tema principal es \u201cconstruir la ciudad\u201d, como se nos dice en las bases del concurso. Querr\u00edamos que nuestro edificio fuera capaz de responder positivamente a este \u201cmomento cr\u00edtico en el desarrollo del museo y de la ciudad.\u201d<\/p>\n<p style=\"text-align: justify;\">Queremos poner en valor el edificio hist\u00f3rico del MALI, Museo de Arte de Lima. El Palacio de la Exposici\u00f3n es un edificio de gran calidad. Por eso, hemos optado por una arquitectura silenciosa y callada. Nuestra actuaci\u00f3n, lejos de ser una pieza emergente y caprichosa, es una actuaci\u00f3n que elige el camino de la serenidad.<\/p>\n<p style=\"text-align: justify;\">IDEA<\/p>\n<p style=\"text-align: justify;\">Para ello construimos un podio p\u00e9treo cuyo plano superior coincide con el plano del suelo de la planta baja del edificio hist\u00f3rico que queda as\u00ed realzado. Se dir\u00eda que hemos hecho un podio para realzar la belleza del Palacio de la Exposici\u00f3n.<\/p>\n<p style=\"text-align: justify;\">El podio se llevar\u00e1 hasta el borde de las v\u00edas de circulaci\u00f3n circundantes.<\/p>\n<p style=\"text-align: justify;\">En el Paseo Col\u00f3n se propone un sencillo cambio de bandas de circulaci\u00f3n, otorgando al edificio hist\u00f3rico un espacio algo mayor delante de su fachada a dicho Paseo Col\u00f3n. M\u00e1xime cuando se va a hacer en esa esquina el nuevo acceso al Metro. As\u00ed se pondr\u00e1 en valor esa fachada del edificio hist\u00f3rico que reclama delante un espacio m\u00e1s amplio que el que ahora tiene. Asusta ver en las fotograf\u00edas a\u00e9reas, y en la realidad, c\u00f3mo la riada de coches puede actualmente pasar casi rozando esa preciosa fachada del Palacio de la Exposici\u00f3n.<\/p>\n<p style=\"text-align: justify;\">Para acceder a ese plano en alto se proponen rampas y escaleras desde las aceras del propio Paseo Col\u00f3n.<\/p>\n<p style=\"text-align: justify;\">En la zona colindante con la Av. Garcilaso de la Vega se har\u00e1, subterr\u00e1nea toda la actuaci\u00f3n principal de la nueva Ala de Arte Contempor\u00e1neo. Sobre la superficie del podio hacia Garcilaso de la Vega, se har\u00e1 un muro largo suelto, con un gran ojo en el centro, para separarse del fuerte tr\u00e1fico circulatorio de esa Avenida. Emerger\u00e1 una edificaci\u00f3n ligera, acristalada, como un umbr\u00e1culo, que dar\u00e1 car\u00e1cter e imagen al nuevo museo. All\u00ed estar\u00e1 el ingreso a la nueva ala de arte contempor\u00e1neo. En una posici\u00f3n l\u00f3gica de la entrada bien cercana a la estaci\u00f3n del Metropolitano.<\/p>\n<p style=\"text-align: justify;\">Paralelo al umbr\u00e1culo, y tambi\u00e9n con trazado rectangular, se abre un patio que llega hasta el fondo, para dotar de luz natural y ventilaci\u00f3n a esa nueva ala.<\/p>\n<p style=\"text-align: justify;\">El nuevo edificio se articula a trav\u00e9s de una amplia escalera principal central con sus correspondientes ascensores, que preside la construcci\u00f3n del umbr\u00e1culo. Se complementa con dos n\u00facleos a los extremos con escaleras y ascensores, para una l\u00f3gica fluidez de circulaciones y para cumplir la normativa de evacuaci\u00f3n e incendios.<\/p>\n<p style=\"text-align: justify;\">FUNCIONES<\/p>\n<p style=\"text-align: justify;\">El nuevo museo se organiza en tres plantas en esquema de peine, con las circulaciones a un lado y el amplio patio longitudinal al otro.<\/p>\n<p style=\"text-align: justify;\">En la planta m\u00e1s baja y abierta a los patios est\u00e1 la gran sala de exposiciones que se complementa con un hermoso espacio vertical de triple altura que conecta visualmente las tres plantas y donde se situar\u00e1n obras de mayor envergadura.<\/p>\n<p style=\"text-align: justify;\">En la planta m\u00e1s pr\u00f3xima a la entrada el programa de clases. En la planta intermedia el resto del programa.<\/p>\n<p style=\"text-align: justify;\">PARQUE<\/p>\n<p style=\"text-align: justify;\">Querr\u00edamos que el Parque de la Exposici\u00f3n fuera m\u00e1s \u00fatil para la ciudad y atrajera a los ciudadanos a disfrutar de un espacio natural excepcional. Para ello entendemos que se debe transformar el actual sistema de jard\u00edn franc\u00e9s, cuyo mantenimiento es muy costoso y cuyo atractivo por su falta de sombra no es muy grande, por un sistema de jard\u00edn ingl\u00e9s, m\u00e1s naturalista y con muchos m\u00e1s \u00e1rboles que pueda llegar a constituir un verdadero pulm\u00f3n de la ciudad. Lo que, aunque sea a otra escala mayor, hace Central Park en Nueva York.<\/p>\n<p style=\"text-align: justify;\">Ser\u00e1 muy positivo, y muy hermoso, el contraste entre el podio, m\u00e1s despejado para facilitar las circulaciones y para poner en valor el Palacio de la Exposici\u00f3n, y ese espacio de parque muy arbolado con elementos de agua y con p\u00e1jaros.<\/p>\n<p style=\"text-align: justify;\">FINALE<\/p>\n<p style=\"text-align: justify;\">Hemos optado por una arquitectura que, de la mano de la serenidad y de la l\u00f3gica, de la verdad, pueda alcanzar la deseada belleza. No en vano Plat\u00f3n nos predicaba que \u201cla belleza es el resplandor de la verdad\u201d. La belleza que querr\u00edamos conseguir para Lima con un proyecto de enorme sencillez.<\/p>\n","protected":false},"excerpt":{"rendered":"<p>CASUARIUS Nos gustar\u00eda hacer para Lima el Museo m\u00e1s hermoso [&hellip;]<\/p>\n","protected":false},"author":10000089,"featured_media":6068,"comment_status":"closed","ping_status":"closed","sticky":false,"template":"","format":"standard","meta":{"_acf_changed":false},"categories":[46],"tags":[],"class_list":["post-7388","post","type-post","status-publish","format-standard","has-post-thumbnail","hentry","category-sin-categorizar","tax_work_location-sur-america","tax_work_type-concursos","tax_work_type-publica"],"acf":[],"yoast_head":"<!-- This site is optimized with the Yoast SEO plugin v27.3 - https:\/\/yoast.com\/product\/yoast-seo-wordpress\/ -->\n<title>2016 The Lima Art Museum - Alberto Campo Baeza<\/title>\n<meta name=\"description\" content=\"Concurso de arquitectura. Ampliaci\u00f3n del Museo de Arte de Lima, MALI. Alberto Campo Baeza en colaboraci\u00f3n con La F\u00e1brica + Ghezzi Novak. Junio 2016.\" \/>\n<meta name=\"robots\" content=\"index, follow, max-snippet:-1, max-image-preview:large, max-video-preview:-1\" \/>\n<link rel=\"canonical\" href=\"https:\/\/www.campobaeza.com\/es\/mali-museum\/\" \/>\n<meta property=\"og:locale\" content=\"es_ES\" \/>\n<meta property=\"og:type\" content=\"article\" \/>\n<meta property=\"og:title\" content=\"2016 The Lima Art Museum - Alberto Campo Baeza\" \/>\n<meta property=\"og:description\" content=\"Concurso de arquitectura. Ampliaci\u00f3n del Museo de Arte de Lima, MALI. Alberto Campo Baeza en colaboraci\u00f3n con La F\u00e1brica + Ghezzi Novak. Junio 2016.\" \/>\n<meta property=\"og:url\" content=\"https:\/\/www.campobaeza.com\/es\/mali-museum\/\" \/>\n<meta property=\"og:site_name\" content=\"Alberto Campo Baeza\" \/>\n<meta property=\"article:published_time\" content=\"2016-09-22T16:12:37+00:00\" \/>\n<meta property=\"article:modified_time\" content=\"2022-05-10T08:22:54+00:00\" \/>\n<meta property=\"og:image\" content=\"https:\/\/www.campobaeza.com\/wp-content\/uploads\/2016\/09\/ACB_Museo-MALI-Lima_IMAGEN-01.jpg\" \/>\n\t<meta property=\"og:image:width\" content=\"1920\" \/>\n\t<meta property=\"og:image:height\" content=\"1440\" \/>\n\t<meta property=\"og:image:type\" content=\"image\/jpeg\" \/>\n<meta name=\"author\" content=\"estudio\" \/>\n<meta name=\"twitter:card\" content=\"summary_large_image\" \/>\n<meta name=\"twitter:creator\" content=\"@ACampoBaeza\" \/>\n<meta name=\"twitter:site\" content=\"@ACampoBaeza\" \/>\n<meta name=\"twitter:label1\" content=\"Escrito por\" \/>\n\t<meta name=\"twitter:data1\" content=\"estudio\" \/>\n\t<meta name=\"twitter:label2\" content=\"Tiempo de lectura\" \/>\n\t<meta name=\"twitter:data2\" content=\"4 minutos\" \/>\n<script type=\"application\/ld+json\" class=\"yoast-schema-graph\">{\"@context\":\"https:\\\/\\\/schema.org\",\"@graph\":[{\"@type\":\"WebPage\",\"@id\":\"https:\\\/\\\/www.campobaeza.com\\\/es\\\/mali-museum\\\/\",\"url\":\"https:\\\/\\\/www.campobaeza.com\\\/es\\\/mali-museum\\\/\",\"name\":\"2016 The Lima Art Museum - Alberto Campo Baeza\",\"isPartOf\":{\"@id\":\"https:\\\/\\\/www.campobaeza.com\\\/#website\"},\"primaryImageOfPage\":{\"@id\":\"https:\\\/\\\/www.campobaeza.com\\\/es\\\/mali-museum\\\/#primaryimage\"},\"image\":{\"@id\":\"https:\\\/\\\/www.campobaeza.com\\\/es\\\/mali-museum\\\/#primaryimage\"},\"thumbnailUrl\":\"https:\\\/\\\/www.campobaeza.com\\\/wp-content\\\/uploads\\\/2016\\\/09\\\/ACB_Museo-MALI-Lima_IMAGEN-01.jpg\",\"datePublished\":\"2016-09-22T16:12:37+00:00\",\"dateModified\":\"2022-05-10T08:22:54+00:00\",\"description\":\"Concurso de arquitectura. Ampliaci\u00f3n del Museo de Arte de Lima, MALI. Alberto Campo Baeza en colaboraci\u00f3n con La F\u00e1brica + Ghezzi Novak. Junio 2016.\",\"breadcrumb\":{\"@id\":\"https:\\\/\\\/www.campobaeza.com\\\/es\\\/mali-museum\\\/#breadcrumb\"},\"inLanguage\":\"es\",\"potentialAction\":[{\"@type\":\"ReadAction\",\"target\":[\"https:\\\/\\\/www.campobaeza.com\\\/es\\\/mali-museum\\\/\"]}]},{\"@type\":\"ImageObject\",\"inLanguage\":\"es\",\"@id\":\"https:\\\/\\\/www.campobaeza.com\\\/es\\\/mali-museum\\\/#primaryimage\",\"url\":\"https:\\\/\\\/www.campobaeza.com\\\/wp-content\\\/uploads\\\/2016\\\/09\\\/ACB_Museo-MALI-Lima_IMAGEN-01.jpg\",\"contentUrl\":\"https:\\\/\\\/www.campobaeza.com\\\/wp-content\\\/uploads\\\/2016\\\/09\\\/ACB_Museo-MALI-Lima_IMAGEN-01.jpg\",\"width\":1920,\"height\":1440,\"caption\":\"Ampliaci\u00f3n del Museo de arte de Lima, MALI. Per\u00fa. Arquitectura. Alberto Campo Baeza.\"},{\"@type\":\"BreadcrumbList\",\"@id\":\"https:\\\/\\\/www.campobaeza.com\\\/es\\\/mali-museum\\\/#breadcrumb\",\"itemListElement\":[{\"@type\":\"ListItem\",\"position\":1,\"name\":\"Portada\",\"item\":\"https:\\\/\\\/www.campobaeza.com\\\/es\\\/\"},{\"@type\":\"ListItem\",\"position\":2,\"name\":\"2016 MALI, Per\u00fa\"}]},{\"@type\":\"WebSite\",\"@id\":\"https:\\\/\\\/www.campobaeza.com\\\/#website\",\"url\":\"https:\\\/\\\/www.campobaeza.com\\\/\",\"name\":\"Alberto Campo Baeza\",\"description\":\"Estudio de Arquitectura de Alberto Campo Baeza\",\"publisher\":{\"@id\":\"https:\\\/\\\/www.campobaeza.com\\\/#organization\"},\"potentialAction\":[{\"@type\":\"SearchAction\",\"target\":{\"@type\":\"EntryPoint\",\"urlTemplate\":\"https:\\\/\\\/www.campobaeza.com\\\/?s={search_term_string}\"},\"query-input\":{\"@type\":\"PropertyValueSpecification\",\"valueRequired\":true,\"valueName\":\"search_term_string\"}}],\"inLanguage\":\"es\"},{\"@type\":\"Organization\",\"@id\":\"https:\\\/\\\/www.campobaeza.com\\\/#organization\",\"name\":\"Estudio de Arquitectura Campo Baeza S. L. P.\",\"url\":\"https:\\\/\\\/www.campobaeza.com\\\/\",\"logo\":{\"@type\":\"ImageObject\",\"inLanguage\":\"es\",\"@id\":\"https:\\\/\\\/www.campobaeza.com\\\/#\\\/schema\\\/logo\\\/image\\\/\",\"url\":\"https:\\\/\\\/www.campobaeza.com\\\/wp-content\\\/uploads\\\/2017\\\/03\\\/Logo-Alberto-01.jpg\",\"contentUrl\":\"https:\\\/\\\/www.campobaeza.com\\\/wp-content\\\/uploads\\\/2017\\\/03\\\/Logo-Alberto-01.jpg\",\"width\":2362,\"height\":2362,\"caption\":\"Estudio de Arquitectura Campo Baeza S. L. P.\"},\"image\":{\"@id\":\"https:\\\/\\\/www.campobaeza.com\\\/#\\\/schema\\\/logo\\\/image\\\/\"},\"sameAs\":[\"https:\\\/\\\/x.com\\\/ACampoBaeza\",\"https:\\\/\\\/www.instagram.com\\\/acampobaeza\",\"https:\\\/\\\/www.youtube.com\\\/channel\\\/UC3y9inL5nDYCB44h2Lf1E6Q?view_as=subscriber\"]}]}<\/script>\n<!-- \/ Yoast SEO plugin. -->","yoast_head_json":{"title":"2016 The Lima Art Museum - Alberto Campo Baeza","description":"Concurso de arquitectura. Ampliaci\u00f3n del Museo de Arte de Lima, MALI. Alberto Campo Baeza en colaboraci\u00f3n con La F\u00e1brica + Ghezzi Novak. Junio 2016.","robots":{"index":"index","follow":"follow","max-snippet":"max-snippet:-1","max-image-preview":"max-image-preview:large","max-video-preview":"max-video-preview:-1"},"canonical":"https:\/\/www.campobaeza.com\/es\/mali-museum\/","og_locale":"es_ES","og_type":"article","og_title":"2016 The Lima Art Museum - Alberto Campo Baeza","og_description":"Concurso de arquitectura. Ampliaci\u00f3n del Museo de Arte de Lima, MALI. Alberto Campo Baeza en colaboraci\u00f3n con La F\u00e1brica + Ghezzi Novak. Junio 2016.","og_url":"https:\/\/www.campobaeza.com\/es\/mali-museum\/","og_site_name":"Alberto Campo Baeza","article_published_time":"2016-09-22T16:12:37+00:00","article_modified_time":"2022-05-10T08:22:54+00:00","og_image":[{"width":1920,"height":1440,"url":"https:\/\/www.campobaeza.com\/wp-content\/uploads\/2016\/09\/ACB_Museo-MALI-Lima_IMAGEN-01.jpg","type":"image\/jpeg"}],"author":"estudio","twitter_card":"summary_large_image","twitter_creator":"@ACampoBaeza","twitter_site":"@ACampoBaeza","twitter_misc":{"Escrito por":"estudio","Tiempo de lectura":"4 minutos"},"schema":{"@context":"https:\/\/schema.org","@graph":[{"@type":"WebPage","@id":"https:\/\/www.campobaeza.com\/es\/mali-museum\/","url":"https:\/\/www.campobaeza.com\/es\/mali-museum\/","name":"2016 The Lima Art Museum - Alberto Campo Baeza","isPartOf":{"@id":"https:\/\/www.campobaeza.com\/#website"},"primaryImageOfPage":{"@id":"https:\/\/www.campobaeza.com\/es\/mali-museum\/#primaryimage"},"image":{"@id":"https:\/\/www.campobaeza.com\/es\/mali-museum\/#primaryimage"},"thumbnailUrl":"https:\/\/www.campobaeza.com\/wp-content\/uploads\/2016\/09\/ACB_Museo-MALI-Lima_IMAGEN-01.jpg","datePublished":"2016-09-22T16:12:37+00:00","dateModified":"2022-05-10T08:22:54+00:00","description":"Concurso de arquitectura. Ampliaci\u00f3n del Museo de Arte de Lima, MALI. Alberto Campo Baeza en colaboraci\u00f3n con La F\u00e1brica + Ghezzi Novak. Junio 2016.","breadcrumb":{"@id":"https:\/\/www.campobaeza.com\/es\/mali-museum\/#breadcrumb"},"inLanguage":"es","potentialAction":[{"@type":"ReadAction","target":["https:\/\/www.campobaeza.com\/es\/mali-museum\/"]}]},{"@type":"ImageObject","inLanguage":"es","@id":"https:\/\/www.campobaeza.com\/es\/mali-museum\/#primaryimage","url":"https:\/\/www.campobaeza.com\/wp-content\/uploads\/2016\/09\/ACB_Museo-MALI-Lima_IMAGEN-01.jpg","contentUrl":"https:\/\/www.campobaeza.com\/wp-content\/uploads\/2016\/09\/ACB_Museo-MALI-Lima_IMAGEN-01.jpg","width":1920,"height":1440,"caption":"Ampliaci\u00f3n del Museo de arte de Lima, MALI. Per\u00fa. Arquitectura. Alberto Campo Baeza."},{"@type":"BreadcrumbList","@id":"https:\/\/www.campobaeza.com\/es\/mali-museum\/#breadcrumb","itemListElement":[{"@type":"ListItem","position":1,"name":"Portada","item":"https:\/\/www.campobaeza.com\/es\/"},{"@type":"ListItem","position":2,"name":"2016 MALI, Per\u00fa"}]},{"@type":"WebSite","@id":"https:\/\/www.campobaeza.com\/#website","url":"https:\/\/www.campobaeza.com\/","name":"Alberto Campo Baeza","description":"Estudio de Arquitectura de Alberto Campo Baeza","publisher":{"@id":"https:\/\/www.campobaeza.com\/#organization"},"potentialAction":[{"@type":"SearchAction","target":{"@type":"EntryPoint","urlTemplate":"https:\/\/www.campobaeza.com\/?s={search_term_string}"},"query-input":{"@type":"PropertyValueSpecification","valueRequired":true,"valueName":"search_term_string"}}],"inLanguage":"es"},{"@type":"Organization","@id":"https:\/\/www.campobaeza.com\/#organization","name":"Estudio de Arquitectura Campo Baeza S. L. P.","url":"https:\/\/www.campobaeza.com\/","logo":{"@type":"ImageObject","inLanguage":"es","@id":"https:\/\/www.campobaeza.com\/#\/schema\/logo\/image\/","url":"https:\/\/www.campobaeza.com\/wp-content\/uploads\/2017\/03\/Logo-Alberto-01.jpg","contentUrl":"https:\/\/www.campobaeza.com\/wp-content\/uploads\/2017\/03\/Logo-Alberto-01.jpg","width":2362,"height":2362,"caption":"Estudio de Arquitectura Campo Baeza S. L. P."},"image":{"@id":"https:\/\/www.campobaeza.com\/#\/schema\/logo\/image\/"},"sameAs":["https:\/\/x.com\/ACampoBaeza","https:\/\/www.instagram.com\/acampobaeza","https:\/\/www.youtube.com\/channel\/UC3y9inL5nDYCB44h2Lf1E6Q?view_as=subscriber"]}]}},"_links":{"self":[{"href":"https:\/\/www.campobaeza.com\/es\/wp-json\/wp\/v2\/posts\/7388","targetHints":{"allow":["GET"]}}],"collection":[{"href":"https:\/\/www.campobaeza.com\/es\/wp-json\/wp\/v2\/posts"}],"about":[{"href":"https:\/\/www.campobaeza.com\/es\/wp-json\/wp\/v2\/types\/post"}],"author":[{"embeddable":true,"href":"https:\/\/www.campobaeza.com\/es\/wp-json\/wp\/v2\/users\/10000089"}],"replies":[{"embeddable":true,"href":"https:\/\/www.campobaeza.com\/es\/wp-json\/wp\/v2\/comments?post=7388"}],"version-history":[{"count":0,"href":"https:\/\/www.campobaeza.com\/es\/wp-json\/wp\/v2\/posts\/7388\/revisions"}],"wp:featuredmedia":[{"embeddable":true,"href":"https:\/\/www.campobaeza.com\/es\/wp-json\/wp\/v2\/media\/6068"}],"wp:attachment":[{"href":"https:\/\/www.campobaeza.com\/es\/wp-json\/wp\/v2\/media?parent=7388"}],"wp:term":[{"taxonomy":"category","embeddable":true,"href":"https:\/\/www.campobaeza.com\/es\/wp-json\/wp\/v2\/categories?post=7388"},{"taxonomy":"post_tag","embeddable":true,"href":"https:\/\/www.campobaeza.com\/es\/wp-json\/wp\/v2\/tags?post=7388"}],"curies":[{"name":"wp","href":"https:\/\/api.w.org\/{rel}","templated":true}]}}